{"id":125,"date":"2022-12-06T14:07:00","date_gmt":"2022-12-06T17:07:00","guid":{"rendered":"https:\/\/redsemillas.uy\/?p=125"},"modified":"2023-05-31T14:48:20","modified_gmt":"2023-05-31T17:48:20","slug":"campana-de-conciencia-por-la-emergencia-climatica-y-la-equidad-de-genero-red-tierra-del-futuro-latinoamerica","status":"publish","type":"post","link":"https:\/\/redsemillas.uy\/?p=125","title":{"rendered":"Campa\u00f1a de conciencia por la Emergencia Clim\u00e1tica y la Equidad de G\u00e9nero, Red Tierra del Futuro Latinoam\u00e9rica"},"content":{"rendered":"\n<p>Este a\u00f1o nuevamente nos hemos hecho eco de la campa\u00f1a por la Emergencia Clim\u00e1tica y la Equidad de Genero. Gracias a Redes Amigos de la Tierra, hemos podido participar de esta importante campa\u00f1a de denuncia y sensibilizaci\u00f3n que recorre los territorios de nuestra Am\u00e9rica latina.<\/p>\n\n\n\n<p>Gracias a este importante apoyo, llevamos a nuestros <strong>Encuentros Regionales<\/strong> a 300 familias de la Red de Semillas Nativas y Criollas , y as\u00ed poder discutir la importancia del cuidado del Agua en las distintas regiones del pa\u00eds. Cada vez son m\u00e1s los territorios de nuestro continente que padecen las consecuencias del cambio clim\u00e1tico, y en especial lo que tiene que ver con el agua y la biodiversidad.\u00a0 Nuestro pa\u00eds no est\u00e1 exento y son cada ves m\u00e1s las voces que alertan sobre la escasez de agua subterr\u00e1nea, la bajante en las napas, las sequ\u00edas que se dan con m\u00e1s facilidad y mayores perjuicios. As\u00ed mismo denunciamos la perdida de biodiversidad, no solo en la desaparici\u00f3n de variedades nativas y criollas, sino tambi\u00e9n en la perdida de ecosistemas relacionada con la expansi\u00f3n del Agronegocios y los monocultivos forestales que arrasan nuestros territorios.<\/p>\n\n\n\n<p><strong>Nos oponemos a esta cultura de la muerte con nuestras propuestas de vida,<\/strong> c\u00f3mo son las ferias de biodiversidad que realizamos en los encuentros regionales. Estos espacios de riqueza compartida posibilitaron el acceso a semillas y saberes por parte de las familias, as\u00ed como p\u00fablico en general, huertas y centros educativos.&nbsp; Los espacios de g\u00e9nero nos permitieron analizar nuestros patrones culturales, la naturaleza injusta del patriarcado, y las nuevas formas de vinculantes que necesitamos para tener organizaciones sanas.<\/p>\n\n\n\n<p>A su vez reconocimos el profundo v\u00ednculo entre biodiversidad y g\u00e9nero y su importancia en la lucha por la soberan\u00eda alimentar\u00eda.<\/p>\n\n\n\n<figure class=\"wp-block-gallery has-nested-images columns-default is-cropped wp-block-gallery-1 is-layout-flex wp-block-gallery-is-layout-flex\">\n<figure class=\"wp-block-image size-full\"><img loading=\"lazy\" decoding=\"async\" width=\"1707\" height=\"2560\" data-id=\"132\" src=\"https:\/\/redsemillas.uy\/wp-content\/uploads\/2023\/05\/DSC_7003-scaled-1.jpg\" alt=\"\" class=\"wp-image-132\" srcset=\"https:\/\/redsemillas.uy\/wp-content\/uploads\/2023\/05\/DSC_7003-scaled-1.jpg 1707w, https:\/\/redsemillas.uy\/wp-content\/uploads\/2023\/05\/DSC_7003-scaled-1-200x300.jpg 200w, https:\/\/redsemillas.uy\/wp-content\/uploads\/2023\/05\/DSC_7003-scaled-1-683x1024.jpg 683w, https:\/\/redsemillas.uy\/wp-content\/uploads\/2023\/05\/DSC_7003-scaled-1-768x1152.jpg 768w, https:\/\/redsemillas.uy\/wp-content\/uploads\/2023\/05\/DSC_7003-scaled-1-1024x1536.jpg 1024w, https:\/\/redsemillas.uy\/wp-content\/uploads\/2023\/05\/DSC_7003-scaled-1-1366x2048.jpg 1366w\" sizes=\"(max-width: 1707px) 100vw, 1707px\" \/><\/figure>\n\n\n\n<figure class=\"wp-block-image size-full\"><img loading=\"lazy\" decoding=\"async\" width=\"2048\" height=\"1365\" data-id=\"129\" src=\"https:\/\/redsemillas.uy\/wp-content\/uploads\/2023\/05\/DSC_6880-2048x1365-1.jpg\" alt=\"\" class=\"wp-image-129\" srcset=\"https:\/\/redsemillas.uy\/wp-content\/uploads\/2023\/05\/DSC_6880-2048x1365-1.jpg 2048w, https:\/\/redsemillas.uy\/wp-content\/uploads\/2023\/05\/DSC_6880-2048x1365-1-300x200.jpg 300w, https:\/\/redsemillas.uy\/wp-content\/uploads\/2023\/05\/DSC_6880-2048x1365-1-1024x683.jpg 1024w, https:\/\/redsemillas.uy\/wp-content\/uploads\/2023\/05\/DSC_6880-2048x1365-1-768x512.jpg 768w, https:\/\/redsemillas.uy\/wp-content\/uploads\/2023\/05\/DSC_6880-2048x1365-1-1536x1024.jpg 1536w\" sizes=\"(max-width: 2048px) 100vw, 2048px\" \/><\/figure>\n\n\n\n<figure class=\"wp-block-image size-full\"><img loading=\"lazy\" decoding=\"async\" width=\"2048\" height=\"1365\" data-id=\"131\" src=\"https:\/\/redsemillas.uy\/wp-content\/uploads\/2023\/05\/DSC_6836-2048x1365-1.jpg\" alt=\"\" class=\"wp-image-131\" srcset=\"https:\/\/redsemillas.uy\/wp-content\/uploads\/2023\/05\/DSC_6836-2048x1365-1.jpg 2048w, https:\/\/redsemillas.uy\/wp-content\/uploads\/2023\/05\/DSC_6836-2048x1365-1-300x200.jpg 300w, https:\/\/redsemillas.uy\/wp-content\/uploads\/2023\/05\/DSC_6836-2048x1365-1-1024x683.jpg 1024w, https:\/\/redsemillas.uy\/wp-content\/uploads\/2023\/05\/DSC_6836-2048x1365-1-768x512.jpg 768w, https:\/\/redsemillas.uy\/wp-content\/uploads\/2023\/05\/DSC_6836-2048x1365-1-1536x1024.jpg 1536w\" sizes=\"(max-width: 2048px) 100vw, 2048px\" \/><\/figure>\n\n\n\n<figure class=\"wp-block-image size-full\"><img loading=\"lazy\" decoding=\"async\" width=\"2048\" height=\"1365\" data-id=\"128\" src=\"https:\/\/redsemillas.uy\/wp-content\/uploads\/2023\/05\/DSC_6667-2048x1365-1.jpg\" alt=\"\" class=\"wp-image-128\" srcset=\"https:\/\/redsemillas.uy\/wp-content\/uploads\/2023\/05\/DSC_6667-2048x1365-1.jpg 2048w, https:\/\/redsemillas.uy\/wp-content\/uploads\/2023\/05\/DSC_6667-2048x1365-1-300x200.jpg 300w, https:\/\/redsemillas.uy\/wp-content\/uploads\/2023\/05\/DSC_6667-2048x1365-1-1024x683.jpg 1024w, https:\/\/redsemillas.uy\/wp-content\/uploads\/2023\/05\/DSC_6667-2048x1365-1-768x512.jpg 768w, https:\/\/redsemillas.uy\/wp-content\/uploads\/2023\/05\/DSC_6667-2048x1365-1-1536x1024.jpg 1536w\" sizes=\"(max-width: 2048px) 100vw, 2048px\" \/><\/figure>\n\n\n\n<figure class=\"wp-block-image size-full\"><img loading=\"lazy\" decoding=\"async\" width=\"2048\" height=\"1365\" data-id=\"133\" src=\"https:\/\/redsemillas.uy\/wp-content\/uploads\/2023\/05\/DSC_6247-2048x1365-1.jpg\" alt=\"\" class=\"wp-image-133\" srcset=\"https:\/\/redsemillas.uy\/wp-content\/uploads\/2023\/05\/DSC_6247-2048x1365-1.jpg 2048w, https:\/\/redsemillas.uy\/wp-content\/uploads\/2023\/05\/DSC_6247-2048x1365-1-300x200.jpg 300w, https:\/\/redsemillas.uy\/wp-content\/uploads\/2023\/05\/DSC_6247-2048x1365-1-1024x683.jpg 1024w, https:\/\/redsemillas.uy\/wp-content\/uploads\/2023\/05\/DSC_6247-2048x1365-1-768x512.jpg 768w, https:\/\/redsemillas.uy\/wp-content\/uploads\/2023\/05\/DSC_6247-2048x1365-1-1536x1024.jpg 1536w\" sizes=\"(max-width: 2048px) 100vw, 2048px\" \/><\/figure>\n\n\n\n<figure class=\"wp-block-image size-full\"><img loading=\"lazy\" decoding=\"async\" width=\"2048\" height=\"1365\" data-id=\"130\" src=\"https:\/\/redsemillas.uy\/wp-content\/uploads\/2023\/05\/DSC_6193-2048x1365-1.jpg\" alt=\"\" class=\"wp-image-130\" srcset=\"https:\/\/redsemillas.uy\/wp-content\/uploads\/2023\/05\/DSC_6193-2048x1365-1.jpg 2048w, https:\/\/redsemillas.uy\/wp-content\/uploads\/2023\/05\/DSC_6193-2048x1365-1-300x200.jpg 300w, https:\/\/redsemillas.uy\/wp-content\/uploads\/2023\/05\/DSC_6193-2048x1365-1-1024x683.jpg 1024w, https:\/\/redsemillas.uy\/wp-content\/uploads\/2023\/05\/DSC_6193-2048x1365-1-768x512.jpg 768w, https:\/\/redsemillas.uy\/wp-content\/uploads\/2023\/05\/DSC_6193-2048x1365-1-1536x1024.jpg 1536w\" sizes=\"(max-width: 2048px) 100vw, 2048px\" \/><\/figure>\n\n\n\n<figure class=\"wp-block-image size-full\"><img loading=\"lazy\" decoding=\"async\" width=\"1365\" height=\"2048\" data-id=\"127\" src=\"https:\/\/redsemillas.uy\/wp-content\/uploads\/2023\/05\/DSC_5989-1365x2048-1.jpg\" alt=\"\" class=\"wp-image-127\" srcset=\"https:\/\/redsemillas.uy\/wp-content\/uploads\/2023\/05\/DSC_5989-1365x2048-1.jpg 1365w, https:\/\/redsemillas.uy\/wp-content\/uploads\/2023\/05\/DSC_5989-1365x2048-1-200x300.jpg 200w, https:\/\/redsemillas.uy\/wp-content\/uploads\/2023\/05\/DSC_5989-1365x2048-1-683x1024.jpg 683w, https:\/\/redsemillas.uy\/wp-content\/uploads\/2023\/05\/DSC_5989-1365x2048-1-768x1152.jpg 768w, https:\/\/redsemillas.uy\/wp-content\/uploads\/2023\/05\/DSC_5989-1365x2048-1-1024x1536.jpg 1024w\" sizes=\"(max-width: 1365px) 100vw, 1365px\" \/><\/figure>\n<\/figure>\n","protected":false},"excerpt":{"rendered":"<p>Este a\u00f1o nuevamente nos hemos hecho eco de la campa\u00f1a por la Emergencia Clim\u00e1tica y la Equidad de Genero. Gracias a Redes Amigos de la Tierra, hemos podido participar de esta importante campa\u00f1a de denuncia y sensibilizaci\u00f3n que recorre los territorios de nuestra Am\u00e9rica latina. Gracias a este importante apoyo, llevamos a nuestros Encuentros Regionales [&hellip;]<\/p>\n","protected":false},"author":1,"featured_media":126,"comment_status":"closed","ping_status":"closed","sticky":false,"template":"","format":"standard","meta":{"footnotes":""},"categories":[14],"tags":[],"class_list":["post-125","post","type-post","status-publish","format-standard","has-post-thumbnail","hentry","category-noticia"],"_links":{"self":[{"href":"https:\/\/redsemillas.uy\/index.php?rest_route=\/wp\/v2\/posts\/125","targetHints":{"allow":["GET"]}}],"collection":[{"href":"https:\/\/redsemillas.uy\/index.php?rest_route=\/wp\/v2\/posts"}],"about":[{"href":"https:\/\/redsemillas.uy\/index.php?rest_route=\/wp\/v2\/types\/post"}],"author":[{"embeddable":true,"href":"https:\/\/redsemillas.uy\/index.php?rest_route=\/wp\/v2\/users\/1"}],"replies":[{"embeddable":true,"href":"https:\/\/redsemillas.uy\/index.php?rest_route=%2Fwp%2Fv2%2Fcomments&post=125"}],"version-history":[{"count":0,"href":"https:\/\/redsemillas.uy\/index.php?rest_route=\/wp\/v2\/posts\/125\/revisions"}],"wp:featuredmedia":[{"embeddable":true,"href":"https:\/\/redsemillas.uy\/index.php?rest_route=\/wp\/v2\/media\/126"}],"wp:attachment":[{"href":"https:\/\/redsemillas.uy\/index.php?rest_route=%2Fwp%2Fv2%2Fmedia&parent=125"}],"wp:term":[{"taxonomy":"category","embeddable":true,"href":"https:\/\/redsemillas.uy\/index.php?rest_route=%2Fwp%2Fv2%2Fcategories&post=125"},{"taxonomy":"post_tag","embeddable":true,"href":"https:\/\/redsemillas.uy\/index.php?rest_route=%2Fwp%2Fv2%2Ftags&post=125"}],"curies":[{"name":"wp","href":"https:\/\/api.w.org\/{rel}","templated":true}]}}