{"id":144,"date":"2021-05-02T15:16:00","date_gmt":"2021-05-02T18:16:00","guid":{"rendered":"https:\/\/redsemillas.uy\/?p=144"},"modified":"2023-05-31T15:38:45","modified_gmt":"2023-05-31T18:38:45","slug":"ser-en-colectiva","status":"publish","type":"post","link":"https:\/\/redsemillas.uy\/?p=144","title":{"rendered":"Ser en Colectiva"},"content":{"rendered":"\n<p>La Colectiva de Punta Negra es un grupo de cinco mujeres integrantes de la Red Nacional de Semillas Nativas y Criollas, movilizadas por deseo de volver a las ra\u00edces habitando la tierra. Recientemente, el 8 de marzo de 2021, \u00e9ste se materializ\u00f3 cuando el directorio del Instituto Nacional de Colonizaci\u00f3n hizo p\u00fablica la aprobaci\u00f3n de su proyecto para acceder a una fracci\u00f3n en la colonia Victoriano Su\u00e1rez.<\/p>\n\n\n\n<p>El sue\u00f1o, que germin\u00f3 en cada una entre plantas y abuelas, creci\u00f3 y sigui\u00f3 caminando en colectiva cuando se conocieron y entretejieron deseos en los Campamentos de J\u00f3venes por la Soberan\u00eda Alimentaria, la Tecnicatura en Producci\u00f3n Agropecuaria Familiar (UTU) y las huertas comunitarias en Punta Negra.<\/p>\n\n\n\n<p>Aqu\u00e9l sue\u00f1o que parec\u00eda una locura imposible, las tuvo en espera durante dos a\u00f1os entre que formularon el proyecto y la noticia de su aprobaci\u00f3n. Dos a\u00f1os en los que continuaron conoci\u00e9ndose y moviendo piezas para que el d\u00eda de hoy todo encuentre un lugar donde encajar con armon\u00eda. Dos a\u00f1os en los que la abundancia de semillas y plantas anunciaba que la tierra llegar\u00eda pronto\u2026 porque sab\u00edan que as\u00ed ser\u00eda. Saben tambi\u00e9n, que no son las primeras en caminar, como j\u00f3venes, la vuelta al campo. Un campo que tiene historia, tiene un presente que las encuentra a ellas haciendo, y tiene un futuro que ya se manifiesta en las generaciones que van a crecer con libertad en la naturaleza.<\/p>\n\n\n\n<figure class=\"wp-block-image alignleft size-large\"><img loading=\"lazy\" decoding=\"async\" width=\"1024\" height=\"576\" src=\"https:\/\/redsemillas.uy\/wp-content\/uploads\/2023\/05\/WhatsApp-Image-2021-05-02-at-11.27.18-AM-1-1536x864-1-1024x576.jpeg\" alt=\"\" class=\"wp-image-149\" srcset=\"https:\/\/redsemillas.uy\/wp-content\/uploads\/2023\/05\/WhatsApp-Image-2021-05-02-at-11.27.18-AM-1-1536x864-1-1024x576.jpeg 1024w, https:\/\/redsemillas.uy\/wp-content\/uploads\/2023\/05\/WhatsApp-Image-2021-05-02-at-11.27.18-AM-1-1536x864-1-300x169.jpeg 300w, https:\/\/redsemillas.uy\/wp-content\/uploads\/2023\/05\/WhatsApp-Image-2021-05-02-at-11.27.18-AM-1-1536x864-1-768x432.jpeg 768w, https:\/\/redsemillas.uy\/wp-content\/uploads\/2023\/05\/WhatsApp-Image-2021-05-02-at-11.27.18-AM-1-1536x864-1.jpeg 1536w\" sizes=\"(max-width: 1024px) 100vw, 1024px\" \/><\/figure>\n\n\n\n<p>La fracci\u00f3n a la que accedieron cuenta con 8 hect\u00e1reas, partiendo desde la ladera de un cerro. Este aspecto las invita a ser creativas y jugar entre lo que el espacio ya es, con la abundancia de posibilidades que les ofrece, y el dise\u00f1o agroecol\u00f3gico que fue el punto de partida. All\u00ed proyectan hacer horticultura, trasplantar \u00e1rboles nativos e integrar algunos animales. La chacra est\u00e1 ubicada a s\u00f3lo 2km de Punta Negra, lugar donde varias de ellas viven. Eso les ofrece la posibilidad de seguir manteniendo sus actividades y tambi\u00e9n llevarlas al nuevo espacio. Seguir siendo parte de un movimiento de cosas peque\u00f1as sucediendo en distintos lugares, un movimiento en expansi\u00f3n.<\/p>\n\n\n\n<p>Su horizonte es generar un lugar que les de alimento y sustento, donde llegar todos los d\u00edas sea festejar la vida, donde se pueda ser una misma, compartir y aprender desde el respeto.<em> \u201cEste lugar nos brinda un estado natural para todo lo que vamos a desarrollar como mujeres, como grupo de mujeres, como comunidad y como j\u00f3venes parte de una red mucho m\u00e1s amplia. Y en el mismo sentido tambi\u00e9n siento eso de abrir camino, un camino lleno de posibilidades, de aprender juntas en el pasito a paso.\u201d<\/em><\/p>\n\n\n\n<p>Con el tiempo fueron haciendo consciente y pudiendo nombrar las lineas de pensamiento que sustentan la elecci\u00f3n de ser un grupo de mujeres, reflexi\u00f3n que surge desde las pr\u00e1cticas cotidianas relacionadas al uso de la palabra y la toma de decisiones en espacios mixtos. Es por eso que decidieron preservar la charla entre mujeres a la hora de tomar las decisiones acerca del proyecto de La Colectiva, sin desmerecer el apoyo de muchos hombres, compa\u00f1eros, hermanos, amigos, padres que han acompa\u00f1ado sus pasos en el proceso. Ser en Colectiva, se presenta para ellas como un desaf\u00edo, una experiencia nueva a la que cada una lleva su mundo, sus relaciones y su historia. Conocerse e integrarse es hoy la base grupal de la colectiva, sobre la que se ir\u00e1n construyendo los v\u00ednculos y canales de comunicaci\u00f3n.<\/p>\n\n\n\n<figure class=\"wp-block-image aligncenter size-large\"><img loading=\"lazy\" decoding=\"async\" width=\"1024\" height=\"614\" src=\"https:\/\/redsemillas.uy\/wp-content\/uploads\/2023\/05\/WhatsApp-Image-2021-05-02-at-11.26.25-AM-1024x614.jpeg\" alt=\"\" class=\"wp-image-147\" srcset=\"https:\/\/redsemillas.uy\/wp-content\/uploads\/2023\/05\/WhatsApp-Image-2021-05-02-at-11.26.25-AM-1024x614.jpeg 1024w, https:\/\/redsemillas.uy\/wp-content\/uploads\/2023\/05\/WhatsApp-Image-2021-05-02-at-11.26.25-AM-300x180.jpeg 300w, https:\/\/redsemillas.uy\/wp-content\/uploads\/2023\/05\/WhatsApp-Image-2021-05-02-at-11.26.25-AM-768x461.jpeg 768w, https:\/\/redsemillas.uy\/wp-content\/uploads\/2023\/05\/WhatsApp-Image-2021-05-02-at-11.26.25-AM-1536x922.jpeg 1536w, https:\/\/redsemillas.uy\/wp-content\/uploads\/2023\/05\/WhatsApp-Image-2021-05-02-at-11.26.25-AM.jpeg 1600w\" sizes=\"(max-width: 1024px) 100vw, 1024px\" \/><figcaption class=\"wp-element-caption\">De izquierda a derecha: Lili Ana Ferreira, Cecilia Rameau, Stefani Plada, Stefani Gonz\u00e1lez, Mariana Tenreiro, integrantes de La Colectiva Punta Negra.<\/figcaption><\/figure>\n\n\n\n<p><\/p>\n","protected":false},"excerpt":{"rendered":"<p>La Colectiva de Punta Negra es un grupo de cinco mujeres integrantes de la Red Nacional de Semillas Nativas y Criollas, movilizadas por deseo de volver a las ra\u00edces habitando la tierra. Recientemente, el 8 de marzo de 2021, \u00e9ste se materializ\u00f3 cuando el directorio del Instituto Nacional de Colonizaci\u00f3n hizo p\u00fablica la aprobaci\u00f3n de [&hellip;]<\/p>\n","protected":false},"author":1,"featured_media":145,"comment_status":"closed","ping_status":"closed","sticky":false,"template":"","format":"standard","meta":{"footnotes":""},"categories":[14],"tags":[],"class_list":["post-144","post","type-post","status-publish","format-standard","has-post-thumbnail","hentry","category-noticia"],"_links":{"self":[{"href":"https:\/\/redsemillas.uy\/index.php?rest_route=\/wp\/v2\/posts\/144","targetHints":{"allow":["GET"]}}],"collection":[{"href":"https:\/\/redsemillas.uy\/index.php?rest_route=\/wp\/v2\/posts"}],"about":[{"href":"https:\/\/redsemillas.uy\/index.php?rest_route=\/wp\/v2\/types\/post"}],"author":[{"embeddable":true,"href":"https:\/\/redsemillas.uy\/index.php?rest_route=\/wp\/v2\/users\/1"}],"replies":[{"embeddable":true,"href":"https:\/\/redsemillas.uy\/index.php?rest_route=%2Fwp%2Fv2%2Fcomments&post=144"}],"version-history":[{"count":0,"href":"https:\/\/redsemillas.uy\/index.php?rest_route=\/wp\/v2\/posts\/144\/revisions"}],"wp:featuredmedia":[{"embeddable":true,"href":"https:\/\/redsemillas.uy\/index.php?rest_route=\/wp\/v2\/media\/145"}],"wp:attachment":[{"href":"https:\/\/redsemillas.uy\/index.php?rest_route=%2Fwp%2Fv2%2Fmedia&parent=144"}],"wp:term":[{"taxonomy":"category","embeddable":true,"href":"https:\/\/redsemillas.uy\/index.php?rest_route=%2Fwp%2Fv2%2Fcategories&post=144"},{"taxonomy":"post_tag","embeddable":true,"href":"https:\/\/redsemillas.uy\/index.php?rest_route=%2Fwp%2Fv2%2Ftags&post=144"}],"curies":[{"name":"wp","href":"https:\/\/api.w.org\/{rel}","templated":true}]}}