{"id":198,"date":"2019-11-21T01:20:00","date_gmt":"2019-11-21T04:20:00","guid":{"rendered":"https:\/\/redsemillas.uy\/?p=198"},"modified":"2023-06-01T01:26:55","modified_gmt":"2023-06-01T04:26:55","slug":"4o-campamento-nacional-de-jovenes-por-la-soberania-alimentaria","status":"publish","type":"post","link":"https:\/\/redsemillas.uy\/?p=198","title":{"rendered":"4\u00ba Campamento Nacional de J\u00f3venes por la Soberan\u00eda Alimentaria"},"content":{"rendered":"\n<p>Contra la Violencia Machista<br><br>Mas de 120 j\u00f3venes de todo el pa\u00eds se reunieron durante 3 d\u00edas en el \u201cCampo de Lib\u00e9lulas\u201d, Villa del Rosario (Lavalleja), donde se realizaron talleres de G\u00e9nero para abordar las ra\u00edces de la violencia contra las Mujeres.<\/p>\n\n\n\n<figure class=\"wp-block-image size-full\"><img loading=\"lazy\" decoding=\"async\" width=\"1200\" height=\"900\" src=\"https:\/\/redsemillas.uy\/wp-content\/uploads\/2023\/06\/20190919_141428.jpg\" alt=\"\" class=\"wp-image-200\" srcset=\"https:\/\/redsemillas.uy\/wp-content\/uploads\/2023\/06\/20190919_141428.jpg 1200w, https:\/\/redsemillas.uy\/wp-content\/uploads\/2023\/06\/20190919_141428-300x225.jpg 300w, https:\/\/redsemillas.uy\/wp-content\/uploads\/2023\/06\/20190919_141428-1024x768.jpg 1024w, https:\/\/redsemillas.uy\/wp-content\/uploads\/2023\/06\/20190919_141428-768x576.jpg 768w\" sizes=\"(max-width: 1200px) 100vw, 1200px\" \/><\/figure>\n\n\n\n<p>Utilizando metodolog\u00edas de \u201cTeatro de oprimides\u201d mujeres y varones por separado, abordaron la construcci\u00f3n de los roles de g\u00e9nero, sus implicancias sociales, pol\u00edticas, econ\u00f3micas y ambientales, profundizando en un an\u00e1lisis necesario que permitiera deconstruir pautas y relaciones dadas por \u201cnaturales\u201d. Estas pautas y pr\u00e1cticas tienen un origen profundo que impregna todas nuestras vidas desde que nacemos en un marco social dado. Este marco social debe ser cuestionado para poder transformar aquellos aspectos negativos, violentos u opresores, que impiden el desarrollo del potencial humano en las personas.<\/p>\n\n\n\n<figure class=\"wp-block-image size-full\"><img loading=\"lazy\" decoding=\"async\" width=\"1536\" height=\"234\" src=\"https:\/\/redsemillas.uy\/wp-content\/uploads\/2023\/06\/20190921_134619-1536x234-1.jpg\" alt=\"\" class=\"wp-image-201\" srcset=\"https:\/\/redsemillas.uy\/wp-content\/uploads\/2023\/06\/20190921_134619-1536x234-1.jpg 1536w, https:\/\/redsemillas.uy\/wp-content\/uploads\/2023\/06\/20190921_134619-1536x234-1-300x46.jpg 300w, https:\/\/redsemillas.uy\/wp-content\/uploads\/2023\/06\/20190921_134619-1536x234-1-1024x156.jpg 1024w, https:\/\/redsemillas.uy\/wp-content\/uploads\/2023\/06\/20190921_134619-1536x234-1-768x117.jpg 768w\" sizes=\"(max-width: 1536px) 100vw, 1536px\" \/><\/figure>\n\n\n\n<p>Las vivencias, aprendizajes y movilizaciones internas que produjo la experiencia fue compartida y revivenciada en el propio campamento, en el encuentro entre pares. As\u00ed tambi\u00e9n, el espacio como todo el campamento en sus m\u00faltiples espacios, es una co-creaci\u00f3n que impregna de nuevos saberes, t\u00e9cnicas y tecnolog\u00edas para la vida sustentable, aut\u00f3noma y comunitaria, que los y las j\u00f3venes se llevan a sus espacios compartidos y a su vida personal, como ricas experiencias transformadoras del quehacer.<\/p>\n\n\n\n<figure class=\"wp-block-image size-full\"><img loading=\"lazy\" decoding=\"async\" width=\"1200\" height=\"900\" src=\"https:\/\/redsemillas.uy\/wp-content\/uploads\/2023\/06\/20190920_115047.jpg\" alt=\"\" class=\"wp-image-202\" srcset=\"https:\/\/redsemillas.uy\/wp-content\/uploads\/2023\/06\/20190920_115047.jpg 1200w, https:\/\/redsemillas.uy\/wp-content\/uploads\/2023\/06\/20190920_115047-300x225.jpg 300w, https:\/\/redsemillas.uy\/wp-content\/uploads\/2023\/06\/20190920_115047-1024x768.jpg 1024w, https:\/\/redsemillas.uy\/wp-content\/uploads\/2023\/06\/20190920_115047-768x576.jpg 768w\" sizes=\"(max-width: 1200px) 100vw, 1200px\" \/><\/figure>\n\n\n\n<p>Estos talleres fueron posibles gracias al apoyo de la Red Tierra del Futuro, a trav\u00e9s de Redes AT y la campa\u00f1a Tod_s contra la violencia de G\u00e9nero.<\/p>\n\n\n\n<figure class=\"wp-block-image size-full\"><img loading=\"lazy\" decoding=\"async\" width=\"1200\" height=\"900\" src=\"https:\/\/redsemillas.uy\/wp-content\/uploads\/2023\/06\/20190920_113316.jpg\" alt=\"\" class=\"wp-image-203\" srcset=\"https:\/\/redsemillas.uy\/wp-content\/uploads\/2023\/06\/20190920_113316.jpg 1200w, https:\/\/redsemillas.uy\/wp-content\/uploads\/2023\/06\/20190920_113316-300x225.jpg 300w, https:\/\/redsemillas.uy\/wp-content\/uploads\/2023\/06\/20190920_113316-1024x768.jpg 1024w, https:\/\/redsemillas.uy\/wp-content\/uploads\/2023\/06\/20190920_113316-768x576.jpg 768w\" sizes=\"(max-width: 1200px) 100vw, 1200px\" \/><\/figure>\n","protected":false},"excerpt":{"rendered":"<p>Contra la Violencia Machista Mas de 120 j\u00f3venes de todo el pa\u00eds se reunieron durante 3 d\u00edas en el \u201cCampo de Lib\u00e9lulas\u201d, Villa del Rosario (Lavalleja), donde se realizaron talleres de G\u00e9nero para abordar las ra\u00edces de la violencia contra las Mujeres. Utilizando metodolog\u00edas de \u201cTeatro de oprimides\u201d mujeres y varones por separado, abordaron la [&hellip;]<\/p>\n","protected":false},"author":1,"featured_media":199,"comment_status":"closed","ping_status":"closed","sticky":false,"template":"","format":"standard","meta":{"footnotes":""},"categories":[14],"tags":[],"class_list":["post-198","post","type-post","status-publish","format-standard","has-post-thumbnail","hentry","category-noticia"],"_links":{"self":[{"href":"https:\/\/redsemillas.uy\/index.php?rest_route=\/wp\/v2\/posts\/198","targetHints":{"allow":["GET"]}}],"collection":[{"href":"https:\/\/redsemillas.uy\/index.php?rest_route=\/wp\/v2\/posts"}],"about":[{"href":"https:\/\/redsemillas.uy\/index.php?rest_route=\/wp\/v2\/types\/post"}],"author":[{"embeddable":true,"href":"https:\/\/redsemillas.uy\/index.php?rest_route=\/wp\/v2\/users\/1"}],"replies":[{"embeddable":true,"href":"https:\/\/redsemillas.uy\/index.php?rest_route=%2Fwp%2Fv2%2Fcomments&post=198"}],"version-history":[{"count":0,"href":"https:\/\/redsemillas.uy\/index.php?rest_route=\/wp\/v2\/posts\/198\/revisions"}],"wp:featuredmedia":[{"embeddable":true,"href":"https:\/\/redsemillas.uy\/index.php?rest_route=\/wp\/v2\/media\/199"}],"wp:attachment":[{"href":"https:\/\/redsemillas.uy\/index.php?rest_route=%2Fwp%2Fv2%2Fmedia&parent=198"}],"wp:term":[{"taxonomy":"category","embeddable":true,"href":"https:\/\/redsemillas.uy\/index.php?rest_route=%2Fwp%2Fv2%2Fcategories&post=198"},{"taxonomy":"post_tag","embeddable":true,"href":"https:\/\/redsemillas.uy\/index.php?rest_route=%2Fwp%2Fv2%2Ftags&post=198"}],"curies":[{"name":"wp","href":"https:\/\/api.w.org\/{rel}","templated":true}]}}