{"id":307,"date":"2023-11-28T00:44:14","date_gmt":"2023-11-28T03:44:14","guid":{"rendered":"https:\/\/redsemillas.uy\/?p=307"},"modified":"2023-11-28T00:44:17","modified_gmt":"2023-11-28T03:44:17","slug":"nuevo-informe-propuestas-politicas-para-la-garantia-del-derecho-al-agua-y-otros-derechos-conexos-en-uruguay","status":"publish","type":"post","link":"https:\/\/redsemillas.uy\/?p=307","title":{"rendered":"Nuevo informe: Propuestas Pol\u00edticas para la Garant\u00eda del Derecho al Agua y otros Derechos Conexos en Uruguay"},"content":{"rendered":"\n<p>Este a\u00f1o vivimos la peor crisis de abastecimiento de agua potable en el pa\u00eds de por lo menos los \u00faltimos 40 a\u00f1os. A pesar de las aseveraciones contradictorias y falsas de parte de OSE y el gobierno nacional, qued\u00f3 claro que el descomunal aumento de los valores en cloruros y en sodio en el agua ten\u00eda importantes implicancias para la salud de la poblaci\u00f3n.<\/p>\n\n\n\n<p>1.700.0000 personas se quedaron, de un d\u00eda para otro, sin agua potable, en un pa\u00eds que en octubre de 2004 y a trav\u00e9s de un plebiscito dictamin\u00f3 en el <a href=\"https:\/\/www.impo.com.uy\/bases\/constitucion\/1967-1967\/47\" rel=\"noreferrer noopener\" target=\"_blank\">Art\u00edculo 47 de su Constituci\u00f3n<\/a> que el agua potable es un derecho humano fundamental, y que los servicios de agua potable y saneamiento deben ser prestados exclusiva y directamente por personas jur\u00eddicas estatales.<\/p>\n\n\n\n<p>Ante esta situaci\u00f3n resulta fundamental realizar un an\u00e1lisis en profundidad de las causas estructurales de la crisis h\u00eddrica y sanitaria, lo cual implica ir m\u00e1s all\u00e1 de la sequ\u00eda que atraves\u00f3 el pa\u00eds. Un an\u00e1lisis integral de la coyuntura actual exige poner la mirada en la falta y\/o d\u00e9bil ejecuci\u00f3n de pol\u00edticas de gesti\u00f3n sustentable y participativa de las cuencas hidrogr\u00e1ficas, que ha generado una situaci\u00f3n cr\u00edtica en la cuenca del R\u00edo Santa Luc\u00eda, fuente de agua para m\u00e1s del 60% de la poblaci\u00f3n nacional.<\/p>\n\n\n\n<p>A su vez, se ha eludido y negado un debate profundo sobre el modelo productivo, sobre las implicancias de la apuesta al agronegocio forestal y celul\u00f3sico, con sus paquetes tecnol\u00f3gicos asociados, y los impactos en nuestros bienes comunes, muy especialmente en el agua. En ese sentido, no se han aceptado nuevas medidas sugeridas por la sociedad civil y la academia para reducir el impacto del agronegocio.<\/p>\n\n\n\n<p>Por el contrario, lo que vemos son l\u00edmites y recortes a la participaci\u00f3n de la sociedad civil en la planificaci\u00f3n, gesti\u00f3n y control del agua en los territorios, obstaculizando el normal funcionamiento de las comisiones de cuenca y los consejos regionales de recursos h\u00eddricos. Adem\u00e1s, hay que se\u00f1alar una reducci\u00f3n progresiva de las inversiones en infraestructura y de personal en la OSE.<\/p>\n\n\n\n<p>El \u201cabandono\u201d de OSE tal vez pueda ser explicado por las nuevas apuestas del gobierno nacional a la privatizaci\u00f3n del servicio de agua potable, con el proyecto Neptuno, tambi\u00e9n llamado Arazat\u00ed.<\/p>\n\n\n\n<p>Frente a este panorama, adquiere especial valor este documento, que es producto de un di\u00e1logo que tuvo como protagonistas a la Red Nacional de Semillas Nativas y Criollas y REDES \u2013 Amigos de la Tierra Uruguay, que da cuenta de numerosas consecuencias socio-ambientales de una pol\u00edtica de manejo del territorio y sus cuencas guiada por el inter\u00e9s econ\u00f3mico y no por la necesidad de salvaguardar la salud de los territorios y sistemas ecol\u00f3gicos para garantizar la realizaci\u00f3n de los derechos humanos y de los pueblos, y la sustentabilidad de la vida.<\/p>\n\n\n\n<p>Este proceso de di\u00e1logo e investigaci\u00f3n participativa que Juli\u00e1n Ariza document\u00f3 cuidadosamente, se inici\u00f3 hace varios a\u00f1os y no previmos en ese momento la crisis del agua actual. Sin embargo, las organizaciones que luchan por el derecho humano al agua y la soberan\u00eda alimentaria con una perspectiva de justicia ambiental llevamos d\u00e9cadas denunciando que el modelo del agronegocio afecta gravemente nuestros suelos, biodiversidad, el agua y la salud de la poblaci\u00f3n. Por eso compartimos el fruto de nuestros debates.<\/p>\n\n\n\n<p>El presente trabajo se mete en las entra\u00f1as de las vulneraciones al derecho humano al agua por parte del agronegocio forestal y sojero, en la apuesta redoblada a los agrot\u00f3xicos y sus consecuencias, en la amenaza de la miner\u00eda y el fracking y las falsas soluciones del capitalismo verde. Las siguientes p\u00e1ginas tambi\u00e9n dan cuenta que las causas estructurales de la crisis h\u00eddrica, como la apuesta a un modelo productivo que avasalla los bienes comunes y a una gesti\u00f3n territorial que beneficia a las empresas y no a los pueblos, no son casuales.<\/p>\n\n\n\n<p>Son parte de un paquete enmarcado por otros proyectos regresivos en materia de derechos humanos y justicia ambiental, como la Ley de Riego, la Ley de Urgente Consideraci\u00f3n (LUC), el Proyecto Neptuno, la Ley de zonas francas y los mecanismos de est\u00edmulo a las inversiones extranjeras, los tratados bilaterales de inversi\u00f3n y los mecanismos de resoluci\u00f3n de controversias de tipo inversionista-Estado. A lo que hay que agregar las leyes de presupuesto y las rendiciones de cuenta que siguen recortando el papel del Estado en muchas esferas.<\/p>\n\n\n\n<p>La clave, las respuestas, pasan por promover una pol\u00edtica p\u00fablica con instrumentos que hagan posible un proceso soberano de gesti\u00f3n del territorio y sus cuencas, que respete los ciclos hidrol\u00f3gicos, asegure la participaci\u00f3n social en la gesti\u00f3n de los bienes comunes, y promueva la agroecolog\u00eda en un marco de soberan\u00eda alimentaria. Una pol\u00edtica que, al fin y al cabo, garantice los derechos humanos y de los pueblos.<\/p>\n\n\n\n<p><a href=\"https:\/\/redsemillas.uy\/wp-content\/uploads\/2023\/11\/Propuestas-derecho-al-Agua.-ALTA-CALIDAD.pdf\" data-type=\"attachment\" data-id=\"308\">Descargar el informe completo aqu\u00ed<\/a>.<\/p>\n","protected":false},"excerpt":{"rendered":"<p>Este a\u00f1o vivimos la peor crisis de abastecimiento de agua potable en el pa\u00eds de por lo menos los \u00faltimos 40 a\u00f1os. A pesar de las aseveraciones contradictorias y falsas de parte de OSE y el gobierno nacional, qued\u00f3 claro que el descomunal aumento de los valores en cloruros y en sodio en el agua [&hellip;]<\/p>\n","protected":false},"author":1,"featured_media":305,"comment_status":"closed","ping_status":"closed","sticky":false,"template":"","format":"standard","meta":{"footnotes":""},"categories":[14],"tags":[],"class_list":["post-307","post","type-post","status-publish","format-standard","has-post-thumbnail","hentry","category-noticia"],"_links":{"self":[{"href":"https:\/\/redsemillas.uy\/index.php?rest_route=\/wp\/v2\/posts\/307","targetHints":{"allow":["GET"]}}],"collection":[{"href":"https:\/\/redsemillas.uy\/index.php?rest_route=\/wp\/v2\/posts"}],"about":[{"href":"https:\/\/redsemillas.uy\/index.php?rest_route=\/wp\/v2\/types\/post"}],"author":[{"embeddable":true,"href":"https:\/\/redsemillas.uy\/index.php?rest_route=\/wp\/v2\/users\/1"}],"replies":[{"embeddable":true,"href":"https:\/\/redsemillas.uy\/index.php?rest_route=%2Fwp%2Fv2%2Fcomments&post=307"}],"version-history":[{"count":1,"href":"https:\/\/redsemillas.uy\/index.php?rest_route=\/wp\/v2\/posts\/307\/revisions"}],"predecessor-version":[{"id":309,"href":"https:\/\/redsemillas.uy\/index.php?rest_route=\/wp\/v2\/posts\/307\/revisions\/309"}],"wp:featuredmedia":[{"embeddable":true,"href":"https:\/\/redsemillas.uy\/index.php?rest_route=\/wp\/v2\/media\/305"}],"wp:attachment":[{"href":"https:\/\/redsemillas.uy\/index.php?rest_route=%2Fwp%2Fv2%2Fmedia&parent=307"}],"wp:term":[{"taxonomy":"category","embeddable":true,"href":"https:\/\/redsemillas.uy\/index.php?rest_route=%2Fwp%2Fv2%2Fcategories&post=307"},{"taxonomy":"post_tag","embeddable":true,"href":"https:\/\/redsemillas.uy\/index.php?rest_route=%2Fwp%2Fv2%2Ftags&post=307"}],"curies":[{"name":"wp","href":"https:\/\/api.w.org\/{rel}","templated":true}]}}