{"id":82,"date":"2021-11-17T04:28:00","date_gmt":"2021-11-17T07:28:00","guid":{"rendered":"https:\/\/redsemillas.uy\/?p=82"},"modified":"2023-05-31T04:43:05","modified_gmt":"2023-05-31T07:43:05","slug":"9a-fiesta-de-la-semilla-nativa-y-criolla","status":"publish","type":"post","link":"https:\/\/redsemillas.uy\/?p=82","title":{"rendered":"9\u00aa Fiesta de la Semilla Nativa y Criolla"},"content":{"rendered":"\n<p>Este s\u00e1bado 20 de noviembre celebramos la novena Fiesta Nacional de la Semilla y Criolla, en el marco del Encuentro nacional de productoras y productores de la Red Nacional de Semillas Nativas y Criollas.<\/p>\n\n\n\n<p>Desde la ma\u00f1ana estaremos compartiendo mesas de debate y posicionamiento, charlas, intercambio de experiencias, talleres pr\u00e1cticos y como siempre, la instancia que nos convoca hist\u00f3ricamente como Guardianes de las Semillas, la Feria de la Biodiversidad, en la que estar\u00e1n presentes agricultores y huerteres de todos los rincones del pa\u00eds compartiendo sus semillas y saberes a todas las personas que quieran acercarse.<\/p>\n\n\n\n<p>Las mesas de debate y posicionamiento contar\u00e1n con la presencia de varias organizaciones sociales nacionales y latinoamericanas y ser\u00e1n transmitidas en vivo a trav\u00e9s de la p\u00e1gina de facebook : <a href=\"https:\/\/web.archive.org\/web\/20230129193137\/https:\/\/www.facebook.com\/redsemillasuy\">Red de Semillas Nativas y Criollas<\/a> (@redsemillasuy) .<\/p>\n\n\n\n<p>De 16 a 19 estaremos compartiendo entrevistas a trav\u00e9s de<a href=\"https:\/\/web.archive.org\/web\/20230129193137\/https:\/\/www.youtube.com\/c\/RadioMundoReal\"> Radio Mundo Real<\/a>.<\/p>\n\n\n\n<figure class=\"wp-block-image aligncenter size-large\"><img loading=\"lazy\" decoding=\"async\" width=\"576\" height=\"1024\" src=\"https:\/\/redsemillas.uy\/wp-content\/uploads\/2023\/05\/Programa-Fiesta-de-la-semilla-manana-768x1365-1-576x1024.jpg\" alt=\"\" class=\"wp-image-83\" srcset=\"https:\/\/redsemillas.uy\/wp-content\/uploads\/2023\/05\/Programa-Fiesta-de-la-semilla-manana-768x1365-1-576x1024.jpg 576w, https:\/\/redsemillas.uy\/wp-content\/uploads\/2023\/05\/Programa-Fiesta-de-la-semilla-manana-768x1365-1-169x300.jpg 169w, https:\/\/redsemillas.uy\/wp-content\/uploads\/2023\/05\/Programa-Fiesta-de-la-semilla-manana-768x1365-1.jpg 768w\" sizes=\"(max-width: 576px) 100vw, 576px\" \/><\/figure>\n\n\n\n<figure class=\"wp-block-image aligncenter size-large\"><img loading=\"lazy\" decoding=\"async\" width=\"576\" height=\"1024\" src=\"https:\/\/redsemillas.uy\/wp-content\/uploads\/2023\/05\/Programa-Fiesta-de-la-semilla-tarde-1-768x1365-1-576x1024.jpg\" alt=\"\" class=\"wp-image-84\" srcset=\"https:\/\/redsemillas.uy\/wp-content\/uploads\/2023\/05\/Programa-Fiesta-de-la-semilla-tarde-1-768x1365-1-576x1024.jpg 576w, https:\/\/redsemillas.uy\/wp-content\/uploads\/2023\/05\/Programa-Fiesta-de-la-semilla-tarde-1-768x1365-1-169x300.jpg 169w, https:\/\/redsemillas.uy\/wp-content\/uploads\/2023\/05\/Programa-Fiesta-de-la-semilla-tarde-1-768x1365-1.jpg 768w\" sizes=\"(max-width: 576px) 100vw, 576px\" \/><\/figure>\n","protected":false},"excerpt":{"rendered":"<p>Este s\u00e1bado 20 de noviembre celebramos la novena Fiesta Nacional de la Semilla y Criolla, en el marco del Encuentro nacional de productoras y productores de la Red Nacional de Semillas Nativas y Criollas. Desde la ma\u00f1ana estaremos compartiendo mesas de debate y posicionamiento, charlas, intercambio de experiencias, talleres pr\u00e1cticos y como siempre, la instancia [&hellip;]<\/p>\n","protected":false},"author":1,"featured_media":85,"comment_status":"closed","ping_status":"closed","sticky":false,"template":"","format":"standard","meta":{"footnotes":""},"categories":[13,14],"tags":[],"class_list":["post-82","post","type-post","status-publish","format-standard","has-post-thumbnail","hentry","category-fiesta-de-la-semilla","category-noticia"],"_links":{"self":[{"href":"https:\/\/redsemillas.uy\/index.php?rest_route=\/wp\/v2\/posts\/82","targetHints":{"allow":["GET"]}}],"collection":[{"href":"https:\/\/redsemillas.uy\/index.php?rest_route=\/wp\/v2\/posts"}],"about":[{"href":"https:\/\/redsemillas.uy\/index.php?rest_route=\/wp\/v2\/types\/post"}],"author":[{"embeddable":true,"href":"https:\/\/redsemillas.uy\/index.php?rest_route=\/wp\/v2\/users\/1"}],"replies":[{"embeddable":true,"href":"https:\/\/redsemillas.uy\/index.php?rest_route=%2Fwp%2Fv2%2Fcomments&post=82"}],"version-history":[{"count":0,"href":"https:\/\/redsemillas.uy\/index.php?rest_route=\/wp\/v2\/posts\/82\/revisions"}],"wp:featuredmedia":[{"embeddable":true,"href":"https:\/\/redsemillas.uy\/index.php?rest_route=\/wp\/v2\/media\/85"}],"wp:attachment":[{"href":"https:\/\/redsemillas.uy\/index.php?rest_route=%2Fwp%2Fv2%2Fmedia&parent=82"}],"wp:term":[{"taxonomy":"category","embeddable":true,"href":"https:\/\/redsemillas.uy\/index.php?rest_route=%2Fwp%2Fv2%2Fcategories&post=82"},{"taxonomy":"post_tag","embeddable":true,"href":"https:\/\/redsemillas.uy\/index.php?rest_route=%2Fwp%2Fv2%2Ftags&post=82"}],"curies":[{"name":"wp","href":"https:\/\/api.w.org\/{rel}","templated":true}]}}